{"id":87,"date":"2018-12-06T13:58:11","date_gmt":"2018-12-06T12:58:11","guid":{"rendered":"http:\/\/www.ambio.ch\/umweltberatung\/?p=87"},"modified":"2025-07-20T16:09:48","modified_gmt":"2025-07-20T14:09:48","slug":"monitoring-der-gewaesserqualitaet-ganzer-gewaessereinzugsgebiete","status":"publish","type":"post","link":"https:\/\/www.ambio.ch\/umweltberatung\/2018\/12\/monitoring-der-gewaesserqualitaet-ganzer-gewaessereinzugsgebiete\/","title":{"rendered":"Leitung und Durchf\u00fchrung von Monitoringprogrammen im Auftrag \u00f6ffentlicher Stellen"},"content":{"rendered":"\n<h5 class=\"wp-block-heading\">Die Erfassung der Gew\u00e4sserqualit\u00e4t und die Lokalisierung von Hotspots in ganzen Gew\u00e4ssersystemen wie auch einzelner Gew\u00e4sserabschnitte erfordern eine sorgf\u00e4ltige Auswahl der Probenahmestellen, der Indikatoren und der Bewertungsmethoden. Ambio verf\u00fcgt \u00fcber vierzigj\u00e4hrige Erfahrung im Gew\u00e4ssermonitoring insbesondere auch mit biologischen Indikatoren, in der Anwendung der richtigen Probenahmeverfahren, Auswertungsmethoden sowie in der Beurteilung und Kommunikation der Ergebnisse.<\/h5>\n\n\n\n<p><\/p>\n\n\n\n<p class=\"has-small-font-size\"><strong><br><\/strong><\/p>\n\n\n\n<div class=\"wp-block-group is-nowrap is-layout-flex wp-container-core-group-is-layout-2 wp-block-group-is-layout-flex\">\n<figure class=\"wp-block-gallery has-nested-images columns-default is-cropped wp-block-gallery-1 is-layout-flex wp-block-gallery-is-layout-flex\"><\/figure>\n\n\n\n<div class=\"wp-block-group is-nowrap is-layout-flex wp-container-core-group-is-layout-1 wp-block-group-is-layout-flex\">\n<figure class=\"wp-block-gallery has-nested-images columns-default is-cropped wp-block-gallery-2 is-layout-flex wp-block-gallery-is-layout-flex\"><\/figure>\n<\/div>\n<\/div>\n\n\n\n<p><\/p>\n","protected":false},"excerpt":{"rendered":"<p>Die Erfassung der Gew\u00e4sserqualit\u00e4t und die Lokalisierung von Hotspots in ganzen Gew\u00e4ssersystemen wie auch einzelner Gew\u00e4sserabschnitte erfordern eine sorgf\u00e4ltige Auswahl der Probenahmestellen, der Indikatoren und der Bewertungsmethoden. Ambio verf\u00fcgt \u00fcber vierzigj\u00e4hrige Erfahrung im Gew\u00e4ssermonitoring insbesondere auch mit biologischen Indikatoren, in der Anwendung der richtigen Probenahmeverfahren, Auswertungsmethoden sowie in der Beurteilung&#8230;<\/p>\n<p> <a class=\"continue-reading-link\" href=\"https:\/\/www.ambio.ch\/umweltberatung\/2018\/12\/monitoring-der-gewaesserqualitaet-ganzer-gewaessereinzugsgebiete\/\"><span>Continue reading<\/span><i class=\"crycon-right-dir\"><\/i><\/a> <\/p>\n","protected":false},"author":2,"featured_media":0,"comment_status":"closed","ping_status":"open","sticky":false,"template":"","format":"standard","meta":{"footnotes":""},"categories":[11],"tags":[],"class_list":["post-87","post","type-post","status-publish","format-standard","hentry","category-wasser"],"_links":{"self":[{"href":"https:\/\/www.ambio.ch\/umweltberatung\/wp-json\/wp\/v2\/posts\/87"}],"collection":[{"href":"https:\/\/www.ambio.ch\/umweltberatung\/wp-json\/wp\/v2\/posts"}],"about":[{"href":"https:\/\/www.ambio.ch\/umweltberatung\/wp-json\/wp\/v2\/types\/post"}],"author":[{"embeddable":true,"href":"https:\/\/www.ambio.ch\/umweltberatung\/wp-json\/wp\/v2\/users\/2"}],"replies":[{"embeddable":true,"href":"https:\/\/www.ambio.ch\/umweltberatung\/wp-json\/wp\/v2\/comments?post=87"}],"version-history":[{"count":20,"href":"https:\/\/www.ambio.ch\/umweltberatung\/wp-json\/wp\/v2\/posts\/87\/revisions"}],"predecessor-version":[{"id":1151,"href":"https:\/\/www.ambio.ch\/umweltberatung\/wp-json\/wp\/v2\/posts\/87\/revisions\/1151"}],"wp:attachment":[{"href":"https:\/\/www.ambio.ch\/umweltberatung\/wp-json\/wp\/v2\/media?parent=87"}],"wp:term":[{"taxonomy":"category","embeddable":true,"href":"https:\/\/www.ambio.ch\/umweltberatung\/wp-json\/wp\/v2\/categories?post=87"},{"taxonomy":"post_tag","embeddable":true,"href":"https:\/\/www.ambio.ch\/umweltberatung\/wp-json\/wp\/v2\/tags?post=87"}],"curies":[{"name":"wp","href":"https:\/\/api.w.org\/{rel}","templated":true}]}}