{"id":204,"date":"2018-12-11T13:52:25","date_gmt":"2018-12-11T12:52:25","guid":{"rendered":"http:\/\/www.ambio.ch\/umweltberatung\/?p=204"},"modified":"2025-07-20T15:57:10","modified_gmt":"2025-07-20T13:57:10","slug":"beduerfnisabklaerungen-fuer-umweltdaten","status":"publish","type":"post","link":"https:\/\/www.ambio.ch\/umweltberatung\/2018\/12\/beduerfnisabklaerungen-fuer-umweltdaten\/","title":{"rendered":"Bed\u00fcrfnisabkl\u00e4rungen f\u00fcr Umweltdaten"},"content":{"rendered":"\n<h5 class=\"wp-block-heading\">\tDie Beschaffung von Umweltinformationen ist oft mit hohen Kosten verbunden; die Koordination, \n\t\tzwischen den geforderten Aussagen, den Datenproduzenten und den vorhandenen Mitteln eine grosse \n\t\tHerausforderung. Umso wichtiger ist es, die Bed\u00fcrfnisse an Umweltdaten f\u00fcr ein breites \n\t\tKundenspektrum zu kl\u00e4ren, die Schnittstellen zwischen den Produzenten auf Stufe Erhebung, \n\t\tDatenhaltung\/Aufbereitung und Berichterstattung zu definieren und die Nutzungssynergien \n\t\tzwischen den Datens\u00e4tzen aufzuzeigen.<\/h5>\n\n\n\n<p><\/p>\n","protected":false},"excerpt":{"rendered":"<p>Die Beschaffung von Umweltinformationen ist oft mit hohen Kosten verbunden; die Koordination, zwischen den geforderten Aussagen, den Datenproduzenten und den vorhandenen Mitteln eine grosse Herausforderung. Umso wichtiger ist es, die Bed\u00fcrfnisse an Umweltdaten f\u00fcr ein breites Kundenspektrum zu kl\u00e4ren, die Schnittstellen zwischen den Produzenten auf Stufe Erhebung, Datenhaltung\/Aufbereitung und Berichterstattung&#8230;<\/p>\n<p> <a class=\"continue-reading-link\" href=\"https:\/\/www.ambio.ch\/umweltberatung\/2018\/12\/beduerfnisabklaerungen-fuer-umweltdaten\/\"><span>Continue reading<\/span><i class=\"crycon-right-dir\"><\/i><\/a> <\/p>\n","protected":false},"author":2,"featured_media":0,"comment_status":"closed","ping_status":"closed","sticky":false,"template":"","format":"standard","meta":{"footnotes":""},"categories":[15],"tags":[],"class_list":["post-204","post","type-post","status-publish","format-standard","hentry","category-umweltdaten-und-politik"],"_links":{"self":[{"href":"https:\/\/www.ambio.ch\/umweltberatung\/wp-json\/wp\/v2\/posts\/204"}],"collection":[{"href":"https:\/\/www.ambio.ch\/umweltberatung\/wp-json\/wp\/v2\/posts"}],"about":[{"href":"https:\/\/www.ambio.ch\/umweltberatung\/wp-json\/wp\/v2\/types\/post"}],"author":[{"embeddable":true,"href":"https:\/\/www.ambio.ch\/umweltberatung\/wp-json\/wp\/v2\/users\/2"}],"replies":[{"embeddable":true,"href":"https:\/\/www.ambio.ch\/umweltberatung\/wp-json\/wp\/v2\/comments?post=204"}],"version-history":[{"count":2,"href":"https:\/\/www.ambio.ch\/umweltberatung\/wp-json\/wp\/v2\/posts\/204\/revisions"}],"predecessor-version":[{"id":1142,"href":"https:\/\/www.ambio.ch\/umweltberatung\/wp-json\/wp\/v2\/posts\/204\/revisions\/1142"}],"wp:attachment":[{"href":"https:\/\/www.ambio.ch\/umweltberatung\/wp-json\/wp\/v2\/media?parent=204"}],"wp:term":[{"taxonomy":"category","embeddable":true,"href":"https:\/\/www.ambio.ch\/umweltberatung\/wp-json\/wp\/v2\/categories?post=204"},{"taxonomy":"post_tag","embeddable":true,"href":"https:\/\/www.ambio.ch\/umweltberatung\/wp-json\/wp\/v2\/tags?post=204"}],"curies":[{"name":"wp","href":"https:\/\/api.w.org\/{rel}","templated":true}]}}